{"id":17369,"date":"2023-01-27T16:00:08","date_gmt":"2023-01-27T16:00:08","guid":{"rendered":"https:\/\/cortenhuys.nl\/2023\/01\/27\/einkaufszentrum-enschede-sued\/"},"modified":"2023-03-14T14:45:55","modified_gmt":"2023-03-14T14:45:55","slug":"einkaufszentrum-enschede-sued","status":"publish","type":"post","link":"https:\/\/cortenhuys.nl\/de\/2023\/01\/27\/einkaufszentrum-enschede-sued\/","title":{"rendered":"Einkaufszentrum Enschede S\u00fcd"},"content":{"rendered":"\n<p>F\u00fcr den t\u00e4glichen Einkauf, aber auch f\u00fcr alle m\u00f6glichen anderen Gesch\u00e4fte, geht man am besten ins Einkaufszentrum in Enschede S\u00fcd. Das Angebot an Gesch\u00e4ften ist vielf\u00e4ltig und komplett. Sie finden vier Superm\u00e4rkte und eine gro\u00dfe Anzahl von Fachgesch\u00e4ften. Die Erreichbarkeit ist ausgezeichnet und das Parken ist kostenlos. Es wurde k\u00fcrzlich zum besten Einkaufszentrum in Enschede gew\u00e4hlt. Hier k\u00f6nnen Sie bequem und Indoor einkaufen.<\/p>\n\n<p>Das Einkaufszentrum liegt etwa 4,5 km vom CortenHuys entfernt.<\/p>\n","protected":false},"excerpt":{"rendered":"<p>F\u00fcr den t\u00e4glichen Einkauf, aber auch f\u00fcr alle m\u00f6glichen anderen Gesch\u00e4fte, geht man am besten ins Einkaufszentrum in Enschede S\u00fcd. Das Angebot an Gesch\u00e4ften ist vielf\u00e4ltig und komplett. Sie finden vier Superm\u00e4rkte und eine gro\u00dfe Anzahl von Fachgesch\u00e4ften. Die Erreichbarkeit ist ausgezeichnet und das Parken ist kostenlos. Es wurde k\u00fcrzlich zum besten Einkaufszentrum in Enschede [&hellip;]<\/p>\n","protected":false},"author":1,"featured_media":16899,"comment_status":"closed","ping_status":"closed","sticky":false,"template":"","format":"standard","meta":{"footnotes":""},"categories":[63,70],"tags":[],"class_list":["post-17369","post","type-post","status-publish","format-standard","has-post-thumbnail","hentry","category-aktivitaten","category-geschaft"],"yoast_head":"<!-- This site is optimized with the Yoast SEO plugin v23.4 - https:\/\/yoast.com\/wordpress\/plugins\/seo\/ -->\n<title>Einkaufszentrum Enschede S\u00fcd - CortenHuys<\/title>\n<meta name=\"robots\" content=\"index, follow, max-snippet:-1, max-image-preview:large, max-video-preview:-1\" \/>\n<link rel=\"canonical\" href=\"https:\/\/cortenhuys.nl\/de\/2023\/01\/27\/einkaufszentrum-enschede-sued\/\" \/>\n<meta property=\"og:locale\" content=\"de_DE\" \/>\n<meta property=\"og:type\" content=\"article\" \/>\n<meta property=\"og:title\" content=\"Einkaufszentrum Enschede S\u00fcd - CortenHuys\" \/>\n<meta property=\"og:description\" content=\"F\u00fcr den t\u00e4glichen Einkauf, aber auch f\u00fcr alle m\u00f6glichen anderen Gesch\u00e4fte, geht man am besten ins Einkaufszentrum in Enschede S\u00fcd. Das Angebot an Gesch\u00e4ften ist vielf\u00e4ltig und komplett. Sie finden vier Superm\u00e4rkte und eine gro\u00dfe Anzahl von Fachgesch\u00e4ften. Die Erreichbarkeit ist ausgezeichnet und das Parken ist kostenlos. Es wurde k\u00fcrzlich zum besten Einkaufszentrum in Enschede [&hellip;]\" \/>\n<meta property=\"og:url\" content=\"https:\/\/cortenhuys.nl\/de\/2023\/01\/27\/einkaufszentrum-enschede-sued\/\" \/>\n<meta property=\"og:site_name\" content=\"CortenHuys\" \/>\n<meta property=\"article:published_time\" content=\"2023-01-27T16:00:08+00:00\" \/>\n<meta property=\"article:modified_time\" content=\"2023-03-14T14:45:55+00:00\" \/>\n<meta property=\"og:image\" content=\"https:\/\/cortenhuys.nl\/wp-content\/uploads\/2023\/01\/Winkelcentrum.jpg\" \/>\n\t<meta property=\"og:image:width\" content=\"1203\" \/>\n\t<meta property=\"og:image:height\" content=\"748\" \/>\n\t<meta property=\"og:image:type\" content=\"image\/jpeg\" \/>\n<meta name=\"author\" content=\"Cortenhuys\" \/>\n<meta name=\"twitter:card\" content=\"summary_large_image\" \/>\n<meta name=\"twitter:label1\" content=\"Verfasst von\" \/>\n\t<meta name=\"twitter:data1\" content=\"Cortenhuys\" \/>\n<script type=\"application\/ld+json\" class=\"yoast-schema-graph\">{\"@context\":\"https:\/\/schema.org\",\"@graph\":[{\"@type\":\"Article\",\"@id\":\"https:\/\/cortenhuys.nl\/de\/2023\/01\/27\/einkaufszentrum-enschede-sued\/#article\",\"isPartOf\":{\"@id\":\"https:\/\/cortenhuys.nl\/de\/2023\/01\/27\/einkaufszentrum-enschede-sued\/\"},\"author\":{\"name\":\"Cortenhuys\",\"@id\":\"https:\/\/cortenhuys.nl\/de\/#\/schema\/person\/8c9e5d913335edc044f2e11d503efba2\"},\"headline\":\"Einkaufszentrum Enschede S\u00fcd\",\"datePublished\":\"2023-01-27T16:00:08+00:00\",\"dateModified\":\"2023-03-14T14:45:55+00:00\",\"mainEntityOfPage\":{\"@id\":\"https:\/\/cortenhuys.nl\/de\/2023\/01\/27\/einkaufszentrum-enschede-sued\/\"},\"wordCount\":89,\"publisher\":{\"@id\":\"https:\/\/cortenhuys.nl\/de\/#organization\"},\"image\":{\"@id\":\"https:\/\/cortenhuys.nl\/de\/2023\/01\/27\/einkaufszentrum-enschede-sued\/#primaryimage\"},\"thumbnailUrl\":\"https:\/\/cortenhuys.nl\/wp-content\/uploads\/2023\/01\/Winkelcentrum.jpg\",\"articleSection\":[\"Aktivit\u00e4ten\",\"Gesch\u00e4ft\"],\"inLanguage\":\"de\"},{\"@type\":\"WebPage\",\"@id\":\"https:\/\/cortenhuys.nl\/de\/2023\/01\/27\/einkaufszentrum-enschede-sued\/\",\"url\":\"https:\/\/cortenhuys.nl\/de\/2023\/01\/27\/einkaufszentrum-enschede-sued\/\",\"name\":\"Einkaufszentrum Enschede S\u00fcd - CortenHuys\",\"isPartOf\":{\"@id\":\"https:\/\/cortenhuys.nl\/de\/#website\"},\"primaryImageOfPage\":{\"@id\":\"https:\/\/cortenhuys.nl\/de\/2023\/01\/27\/einkaufszentrum-enschede-sued\/#primaryimage\"},\"image\":{\"@id\":\"https:\/\/cortenhuys.nl\/de\/2023\/01\/27\/einkaufszentrum-enschede-sued\/#primaryimage\"},\"thumbnailUrl\":\"https:\/\/cortenhuys.nl\/wp-content\/uploads\/2023\/01\/Winkelcentrum.jpg\",\"datePublished\":\"2023-01-27T16:00:08+00:00\",\"dateModified\":\"2023-03-14T14:45:55+00:00\",\"breadcrumb\":{\"@id\":\"https:\/\/cortenhuys.nl\/de\/2023\/01\/27\/einkaufszentrum-enschede-sued\/#breadcrumb\"},\"inLanguage\":\"de\",\"potentialAction\":[{\"@type\":\"ReadAction\",\"target\":[\"https:\/\/cortenhuys.nl\/de\/2023\/01\/27\/einkaufszentrum-enschede-sued\/\"]}]},{\"@type\":\"ImageObject\",\"inLanguage\":\"de\",\"@id\":\"https:\/\/cortenhuys.nl\/de\/2023\/01\/27\/einkaufszentrum-enschede-sued\/#primaryimage\",\"url\":\"https:\/\/cortenhuys.nl\/wp-content\/uploads\/2023\/01\/Winkelcentrum.jpg\",\"contentUrl\":\"https:\/\/cortenhuys.nl\/wp-content\/uploads\/2023\/01\/Winkelcentrum.jpg\",\"width\":1203,\"height\":748},{\"@type\":\"BreadcrumbList\",\"@id\":\"https:\/\/cortenhuys.nl\/de\/2023\/01\/27\/einkaufszentrum-enschede-sued\/#breadcrumb\",\"itemListElement\":[{\"@type\":\"ListItem\",\"position\":1,\"name\":\"Home\",\"item\":\"https:\/\/cortenhuys.nl\/de\/\"},{\"@type\":\"ListItem\",\"position\":2,\"name\":\"Einkaufszentrum Enschede S\u00fcd\"}]},{\"@type\":\"WebSite\",\"@id\":\"https:\/\/cortenhuys.nl\/de\/#website\",\"url\":\"https:\/\/cortenhuys.nl\/de\/\",\"name\":\"CortenHuys\",\"description\":\"Luxe wellness lodge in Twente\",\"publisher\":{\"@id\":\"https:\/\/cortenhuys.nl\/de\/#organization\"},\"potentialAction\":[{\"@type\":\"SearchAction\",\"target\":{\"@type\":\"EntryPoint\",\"urlTemplate\":\"https:\/\/cortenhuys.nl\/de\/?s={search_term_string}\"},\"query-input\":{\"@type\":\"PropertyValueSpecification\",\"valueRequired\":true,\"valueName\":\"search_term_string\"}}],\"inLanguage\":\"de\"},{\"@type\":\"Organization\",\"@id\":\"https:\/\/cortenhuys.nl\/de\/#organization\",\"name\":\"CortenHuys\",\"url\":\"https:\/\/cortenhuys.nl\/de\/\",\"logo\":{\"@type\":\"ImageObject\",\"inLanguage\":\"de\",\"@id\":\"https:\/\/cortenhuys.nl\/de\/#\/schema\/logo\/image\/\",\"url\":\"https:\/\/cortenhuys.nl\/wp-content\/uploads\/2023\/02\/cortenhuys-Large.png\",\"contentUrl\":\"https:\/\/cortenhuys.nl\/wp-content\/uploads\/2023\/02\/cortenhuys-Large.png\",\"width\":1280,\"height\":252,\"caption\":\"CortenHuys\"},\"image\":{\"@id\":\"https:\/\/cortenhuys.nl\/de\/#\/schema\/logo\/image\/\"}},{\"@type\":\"Person\",\"@id\":\"https:\/\/cortenhuys.nl\/de\/#\/schema\/person\/8c9e5d913335edc044f2e11d503efba2\",\"name\":\"Cortenhuys\",\"sameAs\":[\"http:\/\/cortenhuys.nl\"],\"url\":\"https:\/\/cortenhuys.nl\/de\/author\/cortenhuys\/\"}]}<\/script>\n<!-- \/ Yoast SEO plugin. -->","yoast_head_json":{"title":"Einkaufszentrum Enschede S\u00fcd - CortenHuys","robots":{"index":"index","follow":"follow","max-snippet":"max-snippet:-1","max-image-preview":"max-image-preview:large","max-video-preview":"max-video-preview:-1"},"canonical":"https:\/\/cortenhuys.nl\/de\/2023\/01\/27\/einkaufszentrum-enschede-sued\/","og_locale":"de_DE","og_type":"article","og_title":"Einkaufszentrum Enschede S\u00fcd - CortenHuys","og_description":"F\u00fcr den t\u00e4glichen Einkauf, aber auch f\u00fcr alle m\u00f6glichen anderen Gesch\u00e4fte, geht man am besten ins Einkaufszentrum in Enschede S\u00fcd. Das Angebot an Gesch\u00e4ften ist vielf\u00e4ltig und komplett. Sie finden vier Superm\u00e4rkte und eine gro\u00dfe Anzahl von Fachgesch\u00e4ften. Die Erreichbarkeit ist ausgezeichnet und das Parken ist kostenlos. Es wurde k\u00fcrzlich zum besten Einkaufszentrum in Enschede [&hellip;]","og_url":"https:\/\/cortenhuys.nl\/de\/2023\/01\/27\/einkaufszentrum-enschede-sued\/","og_site_name":"CortenHuys","article_published_time":"2023-01-27T16:00:08+00:00","article_modified_time":"2023-03-14T14:45:55+00:00","og_image":[{"width":1203,"height":748,"url":"https:\/\/cortenhuys.nl\/wp-content\/uploads\/2023\/01\/Winkelcentrum.jpg","type":"image\/jpeg"}],"author":"Cortenhuys","twitter_card":"summary_large_image","twitter_misc":{"Verfasst von":"Cortenhuys"},"schema":{"@context":"https:\/\/schema.org","@graph":[{"@type":"Article","@id":"https:\/\/cortenhuys.nl\/de\/2023\/01\/27\/einkaufszentrum-enschede-sued\/#article","isPartOf":{"@id":"https:\/\/cortenhuys.nl\/de\/2023\/01\/27\/einkaufszentrum-enschede-sued\/"},"author":{"name":"Cortenhuys","@id":"https:\/\/cortenhuys.nl\/de\/#\/schema\/person\/8c9e5d913335edc044f2e11d503efba2"},"headline":"Einkaufszentrum Enschede S\u00fcd","datePublished":"2023-01-27T16:00:08+00:00","dateModified":"2023-03-14T14:45:55+00:00","mainEntityOfPage":{"@id":"https:\/\/cortenhuys.nl\/de\/2023\/01\/27\/einkaufszentrum-enschede-sued\/"},"wordCount":89,"publisher":{"@id":"https:\/\/cortenhuys.nl\/de\/#organization"},"image":{"@id":"https:\/\/cortenhuys.nl\/de\/2023\/01\/27\/einkaufszentrum-enschede-sued\/#primaryimage"},"thumbnailUrl":"https:\/\/cortenhuys.nl\/wp-content\/uploads\/2023\/01\/Winkelcentrum.jpg","articleSection":["Aktivit\u00e4ten","Gesch\u00e4ft"],"inLanguage":"de"},{"@type":"WebPage","@id":"https:\/\/cortenhuys.nl\/de\/2023\/01\/27\/einkaufszentrum-enschede-sued\/","url":"https:\/\/cortenhuys.nl\/de\/2023\/01\/27\/einkaufszentrum-enschede-sued\/","name":"Einkaufszentrum Enschede S\u00fcd - CortenHuys","isPartOf":{"@id":"https:\/\/cortenhuys.nl\/de\/#website"},"primaryImageOfPage":{"@id":"https:\/\/cortenhuys.nl\/de\/2023\/01\/27\/einkaufszentrum-enschede-sued\/#primaryimage"},"image":{"@id":"https:\/\/cortenhuys.nl\/de\/2023\/01\/27\/einkaufszentrum-enschede-sued\/#primaryimage"},"thumbnailUrl":"https:\/\/cortenhuys.nl\/wp-content\/uploads\/2023\/01\/Winkelcentrum.jpg","datePublished":"2023-01-27T16:00:08+00:00","dateModified":"2023-03-14T14:45:55+00:00","breadcrumb":{"@id":"https:\/\/cortenhuys.nl\/de\/2023\/01\/27\/einkaufszentrum-enschede-sued\/#breadcrumb"},"inLanguage":"de","potentialAction":[{"@type":"ReadAction","target":["https:\/\/cortenhuys.nl\/de\/2023\/01\/27\/einkaufszentrum-enschede-sued\/"]}]},{"@type":"ImageObject","inLanguage":"de","@id":"https:\/\/cortenhuys.nl\/de\/2023\/01\/27\/einkaufszentrum-enschede-sued\/#primaryimage","url":"https:\/\/cortenhuys.nl\/wp-content\/uploads\/2023\/01\/Winkelcentrum.jpg","contentUrl":"https:\/\/cortenhuys.nl\/wp-content\/uploads\/2023\/01\/Winkelcentrum.jpg","width":1203,"height":748},{"@type":"BreadcrumbList","@id":"https:\/\/cortenhuys.nl\/de\/2023\/01\/27\/einkaufszentrum-enschede-sued\/#breadcrumb","itemListElement":[{"@type":"ListItem","position":1,"name":"Home","item":"https:\/\/cortenhuys.nl\/de\/"},{"@type":"ListItem","position":2,"name":"Einkaufszentrum Enschede S\u00fcd"}]},{"@type":"WebSite","@id":"https:\/\/cortenhuys.nl\/de\/#website","url":"https:\/\/cortenhuys.nl\/de\/","name":"CortenHuys","description":"Luxe wellness lodge in Twente","publisher":{"@id":"https:\/\/cortenhuys.nl\/de\/#organization"},"potentialAction":[{"@type":"SearchAction","target":{"@type":"EntryPoint","urlTemplate":"https:\/\/cortenhuys.nl\/de\/?s={search_term_string}"},"query-input":{"@type":"PropertyValueSpecification","valueRequired":true,"valueName":"search_term_string"}}],"inLanguage":"de"},{"@type":"Organization","@id":"https:\/\/cortenhuys.nl\/de\/#organization","name":"CortenHuys","url":"https:\/\/cortenhuys.nl\/de\/","logo":{"@type":"ImageObject","inLanguage":"de","@id":"https:\/\/cortenhuys.nl\/de\/#\/schema\/logo\/image\/","url":"https:\/\/cortenhuys.nl\/wp-content\/uploads\/2023\/02\/cortenhuys-Large.png","contentUrl":"https:\/\/cortenhuys.nl\/wp-content\/uploads\/2023\/02\/cortenhuys-Large.png","width":1280,"height":252,"caption":"CortenHuys"},"image":{"@id":"https:\/\/cortenhuys.nl\/de\/#\/schema\/logo\/image\/"}},{"@type":"Person","@id":"https:\/\/cortenhuys.nl\/de\/#\/schema\/person\/8c9e5d913335edc044f2e11d503efba2","name":"Cortenhuys","sameAs":["http:\/\/cortenhuys.nl"],"url":"https:\/\/cortenhuys.nl\/de\/author\/cortenhuys\/"}]}},"_links":{"self":[{"href":"https:\/\/cortenhuys.nl\/de\/wp-json\/wp\/v2\/posts\/17369","targetHints":{"allow":["GET"]}}],"collection":[{"href":"https:\/\/cortenhuys.nl\/de\/wp-json\/wp\/v2\/posts"}],"about":[{"href":"https:\/\/cortenhuys.nl\/de\/wp-json\/wp\/v2\/types\/post"}],"author":[{"embeddable":true,"href":"https:\/\/cortenhuys.nl\/de\/wp-json\/wp\/v2\/users\/1"}],"replies":[{"embeddable":true,"href":"https:\/\/cortenhuys.nl\/de\/wp-json\/wp\/v2\/comments?post=17369"}],"version-history":[{"count":1,"href":"https:\/\/cortenhuys.nl\/de\/wp-json\/wp\/v2\/posts\/17369\/revisions"}],"predecessor-version":[{"id":17370,"href":"https:\/\/cortenhuys.nl\/de\/wp-json\/wp\/v2\/posts\/17369\/revisions\/17370"}],"wp:featuredmedia":[{"embeddable":true,"href":"https:\/\/cortenhuys.nl\/de\/wp-json\/wp\/v2\/media\/16899"}],"wp:attachment":[{"href":"https:\/\/cortenhuys.nl\/de\/wp-json\/wp\/v2\/media?parent=17369"}],"wp:term":[{"taxonomy":"category","embeddable":true,"href":"https:\/\/cortenhuys.nl\/de\/wp-json\/wp\/v2\/categories?post=17369"},{"taxonomy":"post_tag","embeddable":true,"href":"https:\/\/cortenhuys.nl\/de\/wp-json\/wp\/v2\/tags?post=17369"}],"curies":[{"name":"wp","href":"https:\/\/api.w.org\/{rel}","templated":true}]}}